{"id":978,"date":"2020-07-18T17:36:47","date_gmt":"2020-07-18T15:36:47","guid":{"rendered":"http:\/\/www.werner-raetz.de\/?p=978"},"modified":"2020-07-18T17:36:59","modified_gmt":"2020-07-18T15:36:59","slug":"kompott-aus-kirschen-erdbeeren-und-heidelbeeren","status":"publish","type":"post","link":"https:\/\/www.werner-raetz.de\/?p=978","title":{"rendered":"Kompott aus Kirschen, Erdbeeren und Heidelbeeren"},"content":{"rendered":"<p>\u2013 Pankreasdi\u00e4t \u2013<\/p>\n<ul>\n<li>400 g Kirschen<\/li>\n<li>200 g Erdbeeren<\/li>\n<li>100 g Heidelbeeren<\/li>\n<li>\u00bd EL Honigetwas S\u00fc\u00dfstoff<\/li>\n<li>4 Bl\u00e4ttchen Schokominze<\/li>\n<li>1 EL Birnenschnaps<\/li>\n<li>1 Prise Mazis<\/li>\n<\/ul>\n<p>vorbereitetes Obst mit Honig und S\u00fc\u00dfstoff erhitzen und ca. 15 min leise k\u00f6cheln, feinstreifig geschnittene Minze, Schnaps und Muskatbl\u00fcte zuf\u00fcgen und 5 min weiterkochen. Kalt servieren, f\u00fcr nicht Di\u00e4tverpflichtete gerne mit Schlagsahne.<\/p>\n","protected":false},"excerpt":{"rendered":"<p>\u2013 Pankreasdi\u00e4t \u2013 400 g Kirschen 200 g Erdbeeren 100 g Heidelbeeren \u00bd EL Honigetwas S\u00fc\u00dfstoff 4 Bl\u00e4ttchen Schokominze 1 EL Birnenschnaps 1 Prise Mazis vorbereitetes Obst mit Honig und S\u00fc\u00dfstoff erhitzen und ca. 15 min leise k\u00f6cheln, feinstreifig geschnittene Minze, Schnaps und Muskatbl\u00fcte zuf\u00fcgen und 5 min weiterkochen. Kalt servieren, f\u00fcr nicht Di\u00e4tverpflichtete gerne&#8230;<\/p>\n","protected":false},"author":2,"featured_media":0,"comment_status":"closed","ping_status":"closed","sticky":false,"template":"","format":"standard","meta":{"footnotes":""},"categories":[4],"tags":[],"class_list":["post-978","post","type-post","status-publish","format-standard","hentry","category-rezepte"],"_links":{"self":[{"href":"https:\/\/www.werner-raetz.de\/index.php?rest_route=\/wp\/v2\/posts\/978","targetHints":{"allow":["GET"]}}],"collection":[{"href":"https:\/\/www.werner-raetz.de\/index.php?rest_route=\/wp\/v2\/posts"}],"about":[{"href":"https:\/\/www.werner-raetz.de\/index.php?rest_route=\/wp\/v2\/types\/post"}],"author":[{"embeddable":true,"href":"https:\/\/www.werner-raetz.de\/index.php?rest_route=\/wp\/v2\/users\/2"}],"replies":[{"embeddable":true,"href":"https:\/\/www.werner-raetz.de\/index.php?rest_route=%2Fwp%2Fv2%2Fcomments&post=978"}],"version-history":[{"count":1,"href":"https:\/\/www.werner-raetz.de\/index.php?rest_route=\/wp\/v2\/posts\/978\/revisions"}],"predecessor-version":[{"id":979,"href":"https:\/\/www.werner-raetz.de\/index.php?rest_route=\/wp\/v2\/posts\/978\/revisions\/979"}],"wp:attachment":[{"href":"https:\/\/www.werner-raetz.de\/index.php?rest_route=%2Fwp%2Fv2%2Fmedia&parent=978"}],"wp:term":[{"taxonomy":"category","embeddable":true,"href":"https:\/\/www.werner-raetz.de\/index.php?rest_route=%2Fwp%2Fv2%2Fcategories&post=978"},{"taxonomy":"post_tag","embeddable":true,"href":"https:\/\/www.werner-raetz.de\/index.php?rest_route=%2Fwp%2Fv2%2Ftags&post=978"}],"curies":[{"name":"wp","href":"https:\/\/api.w.org\/{rel}","templated":true}]}}