{"id":939,"date":"2020-07-13T16:37:26","date_gmt":"2020-07-13T14:37:26","guid":{"rendered":"http:\/\/www.werner-raetz.de\/?p=939"},"modified":"2020-07-13T16:37:26","modified_gmt":"2020-07-13T14:37:26","slug":"kastaniencreme-mit-granataepfeln","status":"publish","type":"post","link":"https:\/\/www.werner-raetz.de\/?p=939","title":{"rendered":"Kastaniencreme mit Granat\u00e4pfeln"},"content":{"rendered":"<p>\u2013 Pankreasdi\u00e4t \u2013<\/p>\n<ul>\n<li>250 g gekochte Kastanien<\/li>\n<li>Saft von 4-5 Apfelsinen<\/li>\n<li>Kerne von \u00bd Granatapfel<\/li>\n<li>1 St\u00fcck harte Vanillestange von ca 5 cm<\/li>\n<li>fl\u00fcssiger S\u00fc\u00dfstoff<\/li>\n<\/ul>\n<p>Kastanien in Apfelsinensaft fein zerstampfen, Vanille mahlen oder ganz fein schneiden und mit demS\u00fc\u00dfstoff unterr\u00fchren. In vier Sch\u00e4lchen verteilen und die Granatapfelkerne draufgeben. Nach Wunsch mit Vanillesahne servieren.<\/p>\n","protected":false},"excerpt":{"rendered":"<p>\u2013 Pankreasdi\u00e4t \u2013 250 g gekochte Kastanien Saft von 4-5 Apfelsinen Kerne von \u00bd Granatapfel 1 St\u00fcck harte Vanillestange von ca 5 cm fl\u00fcssiger S\u00fc\u00dfstoff Kastanien in Apfelsinensaft fein zerstampfen, Vanille mahlen oder ganz fein schneiden und mit demS\u00fc\u00dfstoff unterr\u00fchren. In vier Sch\u00e4lchen verteilen und die Granatapfelkerne draufgeben. Nach Wunsch mit Vanillesahne servieren.<\/p>\n","protected":false},"author":2,"featured_media":0,"comment_status":"closed","ping_status":"closed","sticky":false,"template":"","format":"standard","meta":{"footnotes":""},"categories":[4],"tags":[],"class_list":["post-939","post","type-post","status-publish","format-standard","hentry","category-rezepte"],"_links":{"self":[{"href":"https:\/\/www.werner-raetz.de\/index.php?rest_route=\/wp\/v2\/posts\/939","targetHints":{"allow":["GET"]}}],"collection":[{"href":"https:\/\/www.werner-raetz.de\/index.php?rest_route=\/wp\/v2\/posts"}],"about":[{"href":"https:\/\/www.werner-raetz.de\/index.php?rest_route=\/wp\/v2\/types\/post"}],"author":[{"embeddable":true,"href":"https:\/\/www.werner-raetz.de\/index.php?rest_route=\/wp\/v2\/users\/2"}],"replies":[{"embeddable":true,"href":"https:\/\/www.werner-raetz.de\/index.php?rest_route=%2Fwp%2Fv2%2Fcomments&post=939"}],"version-history":[{"count":1,"href":"https:\/\/www.werner-raetz.de\/index.php?rest_route=\/wp\/v2\/posts\/939\/revisions"}],"predecessor-version":[{"id":940,"href":"https:\/\/www.werner-raetz.de\/index.php?rest_route=\/wp\/v2\/posts\/939\/revisions\/940"}],"wp:attachment":[{"href":"https:\/\/www.werner-raetz.de\/index.php?rest_route=%2Fwp%2Fv2%2Fmedia&parent=939"}],"wp:term":[{"taxonomy":"category","embeddable":true,"href":"https:\/\/www.werner-raetz.de\/index.php?rest_route=%2Fwp%2Fv2%2Fcategories&post=939"},{"taxonomy":"post_tag","embeddable":true,"href":"https:\/\/www.werner-raetz.de\/index.php?rest_route=%2Fwp%2Fv2%2Ftags&post=939"}],"curies":[{"name":"wp","href":"https:\/\/api.w.org\/{rel}","templated":true}]}}