{"id":748,"date":"2020-06-08T14:55:30","date_gmt":"2020-06-08T12:55:30","guid":{"rendered":"http:\/\/www.werner-raetz.de\/?p=748"},"modified":"2020-06-08T14:55:30","modified_gmt":"2020-06-08T12:55:30","slug":"gefuelltes-kaninchen","status":"publish","type":"post","link":"https:\/\/www.werner-raetz.de\/?p=748","title":{"rendered":"Gef\u00fclltes Kaninchen"},"content":{"rendered":"<p><span style=\"font-size: medium;\">&#8211;\u00a0 Pankreasdi\u00e4t \u2013<\/span><\/p>\n<ul>\n<li style=\"text-align: left;\"><span style=\"font-size: medium;\">1 Kaninchen<\/span><\/li>\n<li style=\"text-align: left;\"><span style=\"font-size: medium;\">Blattgem\u00fcse Borretsch 50 %<\/span><\/li>\n<li style=\"text-align: left;\"><span style=\"font-size: medium;\"> Sauerampfer 25 %<\/span><\/li>\n<li style=\"text-align: left;\"><span style=\"font-size: medium;\"> Kapuzinerkresse 10 %<\/span><\/li>\n<li style=\"text-align: left;\"><span style=\"font-size: medium;\"> jap. Petersilie 5 %<\/span><\/li>\n<li style=\"text-align: left;\"><span style=\"font-size: medium;\"> Liebst\u00f6ckel 5 %<\/span><\/li>\n<li style=\"text-align: left;\"><span style=\"font-size: medium;\"> Zitronenmelisse 5 %<\/span><\/li>\n<li style=\"text-align: left;\"><span style=\"font-size: medium;\">Noilly Prat<\/span><\/li>\n<li style=\"text-align: left;\"><span style=\"font-size: medium;\">Dijonsenf<\/span><\/li>\n<li style=\"text-align: left;\"><span style=\"font-size: medium;\">Serranoschinken<\/span><\/li>\n<li style=\"text-align: left;\"><span style=\"font-size: medium;\">Salzpfeffer<\/span><\/li>\n<li style=\"text-align: left;\"><span style=\"font-size: medium;\">2 Fenchelknolllen<\/span><\/li>\n<\/ul>\n<p><span style=\"font-size: medium;\">Gem\u00fcse putzen und grob schneiden, in Wermut and\u00fcnsten, w\u00fcrzen und ins Kaninchen f\u00fcllen; Bauch mit Rouladennadeln verschlie\u00dfen, Tier mit Senf bestreichen, Schinken drumwickeln und bei 150\u00b0 ca. 2 Std. im Backofen backen. Nach einer Stunde halbierte Fenchelknollen mit aufs Blech legen. Es kann eine Bechamelsauce dazu gegeben werden oder eine Sauce mit Cr\u00e8me fra\u00eeche und Estragon.<\/span><\/p>\n","protected":false},"excerpt":{"rendered":"<p>&#8211;\u00a0 Pankreasdi\u00e4t \u2013 1 Kaninchen Blattgem\u00fcse Borretsch 50 % Sauerampfer 25 % Kapuzinerkresse 10 % jap. Petersilie 5 % Liebst\u00f6ckel 5 % Zitronenmelisse 5 % Noilly Prat Dijonsenf Serranoschinken Salzpfeffer 2 Fenchelknolllen Gem\u00fcse putzen und grob schneiden, in Wermut and\u00fcnsten, w\u00fcrzen und ins Kaninchen f\u00fcllen; Bauch mit Rouladennadeln verschlie\u00dfen, Tier mit Senf bestreichen, Schinken drumwickeln&#8230;<\/p>\n","protected":false},"author":2,"featured_media":0,"comment_status":"closed","ping_status":"closed","sticky":false,"template":"","format":"standard","meta":{"footnotes":""},"categories":[4],"tags":[],"class_list":["post-748","post","type-post","status-publish","format-standard","hentry","category-rezepte"],"_links":{"self":[{"href":"https:\/\/www.werner-raetz.de\/index.php?rest_route=\/wp\/v2\/posts\/748","targetHints":{"allow":["GET"]}}],"collection":[{"href":"https:\/\/www.werner-raetz.de\/index.php?rest_route=\/wp\/v2\/posts"}],"about":[{"href":"https:\/\/www.werner-raetz.de\/index.php?rest_route=\/wp\/v2\/types\/post"}],"author":[{"embeddable":true,"href":"https:\/\/www.werner-raetz.de\/index.php?rest_route=\/wp\/v2\/users\/2"}],"replies":[{"embeddable":true,"href":"https:\/\/www.werner-raetz.de\/index.php?rest_route=%2Fwp%2Fv2%2Fcomments&post=748"}],"version-history":[{"count":1,"href":"https:\/\/www.werner-raetz.de\/index.php?rest_route=\/wp\/v2\/posts\/748\/revisions"}],"predecessor-version":[{"id":749,"href":"https:\/\/www.werner-raetz.de\/index.php?rest_route=\/wp\/v2\/posts\/748\/revisions\/749"}],"wp:attachment":[{"href":"https:\/\/www.werner-raetz.de\/index.php?rest_route=%2Fwp%2Fv2%2Fmedia&parent=748"}],"wp:term":[{"taxonomy":"category","embeddable":true,"href":"https:\/\/www.werner-raetz.de\/index.php?rest_route=%2Fwp%2Fv2%2Fcategories&post=748"},{"taxonomy":"post_tag","embeddable":true,"href":"https:\/\/www.werner-raetz.de\/index.php?rest_route=%2Fwp%2Fv2%2Ftags&post=748"}],"curies":[{"name":"wp","href":"https:\/\/api.w.org\/{rel}","templated":true}]}}