{"id":702,"date":"2020-05-28T18:20:19","date_gmt":"2020-05-28T16:20:19","guid":{"rendered":"http:\/\/www.werner-raetz.de\/?p=702"},"modified":"2020-05-28T18:20:19","modified_gmt":"2020-05-28T16:20:19","slug":"kalbsrouladen-mit-roquefort","status":"publish","type":"post","link":"https:\/\/www.werner-raetz.de\/?p=702","title":{"rendered":"Kalbsrouladen mit Roquefort"},"content":{"rendered":"<ul>\n<li>8 kleine Kalbsrouladen<\/li>\n<li>SP<\/li>\n<li>F\u00fcr die F\u00fcllung:<\/li>\n<li style=\"text-align: left;\">\u00a0\u00a0\u00a0\u00a0\u00a0\u00a0 4 Scheiben Serransoshinken<\/li>\n<li style=\"text-align: left;\">\u00a0\u00a0 \u00a0 \u00a0 1 \u2013 2 Zwiebel(n)<\/li>\n<li style=\"text-align: left;\">\u00a0\u00a0\u00a0\u00a0\u00a0\u00a0 4 Knobi<\/li>\n<li style=\"text-align: left;\">\u00a0\u00a0 \u00a0 \u00a0 8 scharze Oliven ohne Kern<\/li>\n<li style=\"text-align: left;\">\u00a0\u00a0 \u00a0 \u00a0 Sellerielaub<\/li>\n<li style=\"text-align: left;\">\u00a0 \u00a0 \u00a0\u00a0 Blattpetersilie<\/li>\n<li style=\"text-align: left;\">\u00a0\u00a0\u00a0\u00a0\u00a0\u00a0 Thymian<\/li>\n<li style=\"text-align: left;\">\u00a0\u00a0\u00a0\u00a0\u00a0\u00a0 150 g Roquefort<\/li>\n<li style=\"text-align: left;\">\u00a0\u00a0\u00a0\u00a0\u00a0\u00a0 Semmelbr\u00f6sel<\/li>\n<li>Oliven\u00f6l<\/li>\n<li>Butter<\/li>\n<li>1 Bouquet Garni<\/li>\n<li>\u00bd Fleischbr\u00fche<\/li>\n<li>150 g Ziegenfrischk\u00e4se<\/li>\n<\/ul>\n<p>Rouladen salzen und pfeffern. F\u00fcllungszutaten fein hacken, mit Roquefort und Br\u00f6seln zu einerfesten Creme verkneten, auf das Fleisch streichen, rollen und zubinden (besser noch in Netzepacken). In einer Mischung aus \u00d6l und Butter anbraten, Br\u00fche angie\u00dfen und ca 1 Std. mit Bouquetgarni zugedeckt garen. Rausnehmen, Kr\u00e4uterstr\u00e4u\u00dfchen entfernen, eventuell etwas reduzieren,Ziegenfrischk\u00e4se einr\u00fchren.<\/p>\n","protected":false},"excerpt":{"rendered":"<p>8 kleine Kalbsrouladen SP F\u00fcr die F\u00fcllung: \u00a0\u00a0\u00a0\u00a0\u00a0\u00a0 4 Scheiben Serransoshinken \u00a0\u00a0 \u00a0 \u00a0 1 \u2013 2 Zwiebel(n) \u00a0\u00a0\u00a0\u00a0\u00a0\u00a0 4 Knobi \u00a0\u00a0 \u00a0 \u00a0 8 scharze Oliven ohne Kern \u00a0\u00a0 \u00a0 \u00a0 Sellerielaub \u00a0 \u00a0 \u00a0\u00a0 Blattpetersilie \u00a0\u00a0\u00a0\u00a0\u00a0\u00a0 Thymian \u00a0\u00a0\u00a0\u00a0\u00a0\u00a0 150 g Roquefort \u00a0\u00a0\u00a0\u00a0\u00a0\u00a0 Semmelbr\u00f6sel Oliven\u00f6l Butter 1 Bouquet Garni \u00bd Fleischbr\u00fche 150 g Ziegenfrischk\u00e4se&#8230;<\/p>\n","protected":false},"author":2,"featured_media":0,"comment_status":"closed","ping_status":"closed","sticky":false,"template":"","format":"standard","meta":{"footnotes":""},"categories":[4],"tags":[],"class_list":["post-702","post","type-post","status-publish","format-standard","hentry","category-rezepte"],"_links":{"self":[{"href":"https:\/\/www.werner-raetz.de\/index.php?rest_route=\/wp\/v2\/posts\/702","targetHints":{"allow":["GET"]}}],"collection":[{"href":"https:\/\/www.werner-raetz.de\/index.php?rest_route=\/wp\/v2\/posts"}],"about":[{"href":"https:\/\/www.werner-raetz.de\/index.php?rest_route=\/wp\/v2\/types\/post"}],"author":[{"embeddable":true,"href":"https:\/\/www.werner-raetz.de\/index.php?rest_route=\/wp\/v2\/users\/2"}],"replies":[{"embeddable":true,"href":"https:\/\/www.werner-raetz.de\/index.php?rest_route=%2Fwp%2Fv2%2Fcomments&post=702"}],"version-history":[{"count":1,"href":"https:\/\/www.werner-raetz.de\/index.php?rest_route=\/wp\/v2\/posts\/702\/revisions"}],"predecessor-version":[{"id":703,"href":"https:\/\/www.werner-raetz.de\/index.php?rest_route=\/wp\/v2\/posts\/702\/revisions\/703"}],"wp:attachment":[{"href":"https:\/\/www.werner-raetz.de\/index.php?rest_route=%2Fwp%2Fv2%2Fmedia&parent=702"}],"wp:term":[{"taxonomy":"category","embeddable":true,"href":"https:\/\/www.werner-raetz.de\/index.php?rest_route=%2Fwp%2Fv2%2Fcategories&post=702"},{"taxonomy":"post_tag","embeddable":true,"href":"https:\/\/www.werner-raetz.de\/index.php?rest_route=%2Fwp%2Fv2%2Ftags&post=702"}],"curies":[{"name":"wp","href":"https:\/\/api.w.org\/{rel}","templated":true}]}}