{"id":528,"date":"2020-04-22T19:14:30","date_gmt":"2020-04-22T17:14:30","guid":{"rendered":"http:\/\/www.werner-raetz.de\/?p=528"},"modified":"2020-04-22T19:22:50","modified_gmt":"2020-04-22T17:22:50","slug":"farfalle-mit-tintenfisch","status":"publish","type":"post","link":"https:\/\/www.werner-raetz.de\/?p=528","title":{"rendered":"Farfalle mit Tintenfisch"},"content":{"rendered":"<ul>\n<li>500g Calamar, geputzt<\/li>\n<li>1 dicke Zwiebel<\/li>\n<li>4 Knobi<\/li>\n<li>Petersilie<\/li>\n<li>Salbei<\/li>\n<li>Thymian<\/li>\n<li>\u00bc l Sahne<\/li>\n<li>\u00bc l Wei\u00dfwein<\/li>\n<li>Salz, Pfeffer<\/li>\n<li>Oliven\u00f6l<\/li>\n<li>1 Pfd. Farfalle tricolore<\/li>\n<li>Parmesan<\/li>\n<\/ul>\n<p>Geputzte und gehackte Zwiebel, dann Knobi anbraten, Wein und Sahne dazu, reduzieren,gehackte Kr\u00e4uter und rautig geschnittenen Fisch rein geben und in 15 min zugedeckt garen.W\u00e4hrenddessen Nudeln in Salzwasser garen, abgie\u00dfen, mit dem Sugo mischen und mitgeriebenem K\u00e4se servieren.<\/p>\n","protected":false},"excerpt":{"rendered":"<p>500g Calamar, geputzt 1 dicke Zwiebel 4 Knobi Petersilie Salbei Thymian \u00bc l Sahne \u00bc l Wei\u00dfwein Salz, Pfeffer Oliven\u00f6l 1 Pfd. Farfalle tricolore Parmesan Geputzte und gehackte Zwiebel, dann Knobi anbraten, Wein und Sahne dazu, reduzieren,gehackte Kr\u00e4uter und rautig geschnittenen Fisch rein geben und in 15 min zugedeckt garen.W\u00e4hrenddessen Nudeln in Salzwasser garen, abgie\u00dfen,&#8230;<\/p>\n","protected":false},"author":2,"featured_media":0,"comment_status":"closed","ping_status":"closed","sticky":false,"template":"","format":"standard","meta":{"footnotes":""},"categories":[4],"tags":[],"class_list":["post-528","post","type-post","status-publish","format-standard","hentry","category-rezepte"],"_links":{"self":[{"href":"https:\/\/www.werner-raetz.de\/index.php?rest_route=\/wp\/v2\/posts\/528","targetHints":{"allow":["GET"]}}],"collection":[{"href":"https:\/\/www.werner-raetz.de\/index.php?rest_route=\/wp\/v2\/posts"}],"about":[{"href":"https:\/\/www.werner-raetz.de\/index.php?rest_route=\/wp\/v2\/types\/post"}],"author":[{"embeddable":true,"href":"https:\/\/www.werner-raetz.de\/index.php?rest_route=\/wp\/v2\/users\/2"}],"replies":[{"embeddable":true,"href":"https:\/\/www.werner-raetz.de\/index.php?rest_route=%2Fwp%2Fv2%2Fcomments&post=528"}],"version-history":[{"count":1,"href":"https:\/\/www.werner-raetz.de\/index.php?rest_route=\/wp\/v2\/posts\/528\/revisions"}],"predecessor-version":[{"id":529,"href":"https:\/\/www.werner-raetz.de\/index.php?rest_route=\/wp\/v2\/posts\/528\/revisions\/529"}],"wp:attachment":[{"href":"https:\/\/www.werner-raetz.de\/index.php?rest_route=%2Fwp%2Fv2%2Fmedia&parent=528"}],"wp:term":[{"taxonomy":"category","embeddable":true,"href":"https:\/\/www.werner-raetz.de\/index.php?rest_route=%2Fwp%2Fv2%2Fcategories&post=528"},{"taxonomy":"post_tag","embeddable":true,"href":"https:\/\/www.werner-raetz.de\/index.php?rest_route=%2Fwp%2Fv2%2Ftags&post=528"}],"curies":[{"name":"wp","href":"https:\/\/api.w.org\/{rel}","templated":true}]}}