{"id":3396,"date":"2023-07-14T16:06:50","date_gmt":"2023-07-14T14:06:50","guid":{"rendered":"https:\/\/www.werner-raetz.de\/?p=3396"},"modified":"2023-07-14T16:11:19","modified_gmt":"2023-07-14T14:11:19","slug":"risotto-mit-nuessen","status":"publish","type":"post","link":"https:\/\/www.werner-raetz.de\/?p=3396","title":{"rendered":"Risotto mit N\u00fcssen"},"content":{"rendered":"<ul>\n<li>1 Dose Artischockenst\u00fccke<\/li>\n<li>250 g Risottoreis<\/li>\n<li>\u00bd Bd. Blattpetersilie<\/li>\n<li>1 Zwiebel<\/li>\n<li>75 g bl\u00e4ttrige Haseln\u00fcsse<\/li>\n<li>2 EL Noilly Prat<\/li>\n<li>0,1 l Wei\u00dfwein<\/li>\n<li>Salzpfeffer<\/li>\n<li>Parmesan<\/li>\n<\/ul>\n<p>Artischocken im eigenen Saft p\u00fcrieren. N\u00fcsse in trockener Pfanne leicht r\u00f6sten, Wermut dazu und gehackte Zwiebeln, dann Reis, Wein angie\u00dfen und verdampfen lassen, dann Artischockenp\u00fcree. Immer wieder r\u00fchren, gehackte Petersilie dazu, w\u00fcrzen und eventuell Wasser oder leichte Gem\u00fcsebr\u00fche nachgie\u00dfen. Zum Schluss einen Teil des geriebenen Parmesans unterziehen, den Rest getrennt servieren.<\/p>\n","protected":false},"excerpt":{"rendered":"<p>1 Dose Artischockenst\u00fccke 250 g Risottoreis \u00bd Bd. Blattpetersilie 1 Zwiebel 75 g bl\u00e4ttrige Haseln\u00fcsse 2 EL Noilly Prat 0,1 l Wei\u00dfwein Salzpfeffer Parmesan Artischocken im eigenen Saft p\u00fcrieren. N\u00fcsse in trockener Pfanne leicht r\u00f6sten, Wermut dazu und gehackte Zwiebeln, dann Reis, Wein angie\u00dfen und verdampfen lassen, dann Artischockenp\u00fcree. Immer wieder r\u00fchren, gehackte Petersilie dazu,&#8230;<\/p>\n","protected":false},"author":2,"featured_media":0,"comment_status":"closed","ping_status":"closed","sticky":false,"template":"","format":"standard","meta":{"footnotes":""},"categories":[4],"tags":[],"class_list":["post-3396","post","type-post","status-publish","format-standard","hentry","category-rezepte"],"_links":{"self":[{"href":"https:\/\/www.werner-raetz.de\/index.php?rest_route=\/wp\/v2\/posts\/3396","targetHints":{"allow":["GET"]}}],"collection":[{"href":"https:\/\/www.werner-raetz.de\/index.php?rest_route=\/wp\/v2\/posts"}],"about":[{"href":"https:\/\/www.werner-raetz.de\/index.php?rest_route=\/wp\/v2\/types\/post"}],"author":[{"embeddable":true,"href":"https:\/\/www.werner-raetz.de\/index.php?rest_route=\/wp\/v2\/users\/2"}],"replies":[{"embeddable":true,"href":"https:\/\/www.werner-raetz.de\/index.php?rest_route=%2Fwp%2Fv2%2Fcomments&post=3396"}],"version-history":[{"count":1,"href":"https:\/\/www.werner-raetz.de\/index.php?rest_route=\/wp\/v2\/posts\/3396\/revisions"}],"predecessor-version":[{"id":3397,"href":"https:\/\/www.werner-raetz.de\/index.php?rest_route=\/wp\/v2\/posts\/3396\/revisions\/3397"}],"wp:attachment":[{"href":"https:\/\/www.werner-raetz.de\/index.php?rest_route=%2Fwp%2Fv2%2Fmedia&parent=3396"}],"wp:term":[{"taxonomy":"category","embeddable":true,"href":"https:\/\/www.werner-raetz.de\/index.php?rest_route=%2Fwp%2Fv2%2Fcategories&post=3396"},{"taxonomy":"post_tag","embeddable":true,"href":"https:\/\/www.werner-raetz.de\/index.php?rest_route=%2Fwp%2Fv2%2Ftags&post=3396"}],"curies":[{"name":"wp","href":"https:\/\/api.w.org\/{rel}","templated":true}]}}