{"id":256,"date":"2020-03-01T12:18:17","date_gmt":"2020-03-01T11:18:17","guid":{"rendered":"http:\/\/www.werner-raetz.de\/?p=256"},"modified":"2020-03-01T12:18:17","modified_gmt":"2020-03-01T11:18:17","slug":"bulgur-gruen","status":"publish","type":"post","link":"https:\/\/www.werner-raetz.de\/?p=256","title":{"rendered":"Bulgur gr\u00fcn"},"content":{"rendered":"<ul>\n<li>350g Bulgur<\/li>\n<li>2 Zwiebeln<\/li>\n<li>reichlich Borretsch<\/li>\n<li>SalzPfeffer Gem\u00fcse- oder H\u00fchnerbr\u00fche<\/li>\n<li>\u00d6l<\/li>\n<\/ul>\n<p>Bulgur im Volumen abmessen; doppeltes Volumen Br\u00fche nehmen, nach Beieben w\u00fcrzen und Borretsch darin p\u00fcrieren (nach Belieben auch die Zwiebeln, ansonsten) Zwiebeln hacken und in \u00d6l and\u00fcnsten,, mit der Br\u00fche aufgie\u00dfen und zugedeckt bei kleiner Hitze garen.<\/p>\n","protected":false},"excerpt":{"rendered":"<p>350g Bulgur 2 Zwiebeln reichlich Borretsch SalzPfeffer Gem\u00fcse- oder H\u00fchnerbr\u00fche \u00d6l Bulgur im Volumen abmessen; doppeltes Volumen Br\u00fche nehmen, nach Beieben w\u00fcrzen und Borretsch darin p\u00fcrieren (nach Belieben auch die Zwiebeln, ansonsten) Zwiebeln hacken und in \u00d6l and\u00fcnsten,, mit der Br\u00fche aufgie\u00dfen und zugedeckt bei kleiner Hitze garen.<\/p>\n","protected":false},"author":1,"featured_media":0,"comment_status":"closed","ping_status":"closed","sticky":false,"template":"","format":"standard","meta":{"footnotes":""},"categories":[4],"tags":[],"class_list":["post-256","post","type-post","status-publish","format-standard","hentry","category-rezepte"],"_links":{"self":[{"href":"https:\/\/www.werner-raetz.de\/index.php?rest_route=\/wp\/v2\/posts\/256","targetHints":{"allow":["GET"]}}],"collection":[{"href":"https:\/\/www.werner-raetz.de\/index.php?rest_route=\/wp\/v2\/posts"}],"about":[{"href":"https:\/\/www.werner-raetz.de\/index.php?rest_route=\/wp\/v2\/types\/post"}],"author":[{"embeddable":true,"href":"https:\/\/www.werner-raetz.de\/index.php?rest_route=\/wp\/v2\/users\/1"}],"replies":[{"embeddable":true,"href":"https:\/\/www.werner-raetz.de\/index.php?rest_route=%2Fwp%2Fv2%2Fcomments&post=256"}],"version-history":[{"count":1,"href":"https:\/\/www.werner-raetz.de\/index.php?rest_route=\/wp\/v2\/posts\/256\/revisions"}],"predecessor-version":[{"id":257,"href":"https:\/\/www.werner-raetz.de\/index.php?rest_route=\/wp\/v2\/posts\/256\/revisions\/257"}],"wp:attachment":[{"href":"https:\/\/www.werner-raetz.de\/index.php?rest_route=%2Fwp%2Fv2%2Fmedia&parent=256"}],"wp:term":[{"taxonomy":"category","embeddable":true,"href":"https:\/\/www.werner-raetz.de\/index.php?rest_route=%2Fwp%2Fv2%2Fcategories&post=256"},{"taxonomy":"post_tag","embeddable":true,"href":"https:\/\/www.werner-raetz.de\/index.php?rest_route=%2Fwp%2Fv2%2Ftags&post=256"}],"curies":[{"name":"wp","href":"https:\/\/api.w.org\/{rel}","templated":true}]}}