{"id":252,"date":"2020-03-01T12:10:17","date_gmt":"2020-03-01T11:10:17","guid":{"rendered":"http:\/\/www.werner-raetz.de\/?p=252"},"modified":"2020-03-01T12:10:17","modified_gmt":"2020-03-01T11:10:17","slug":"brokkolisalat","status":"publish","type":"post","link":"https:\/\/www.werner-raetz.de\/?p=252","title":{"rendered":"Brokkolisalat"},"content":{"rendered":"<ul>\n<li>1 Pfd. Brokkoli<\/li>\n<li>40 g bl\u00e4ttrige Mandeln<\/li>\n<li>40 g Rosinen<\/li>\n<li>Essig<\/li>\n<li>Oliven\u00f6l<\/li>\n<li>SP<\/li>\n<\/ul>\n<p>Brokkoli in sehr kleine R\u00f6schen teilen, weiche Stielteile in Scheibchen schneiden, in Salzwasser kurz bissfest garen (2 &#8211; 3 min), in reichlich kaltem Wasser abschrecken und erkalten lassen. In Vinaigrette mit Mandeln und Rosinen mischen.<\/p>\n","protected":false},"excerpt":{"rendered":"<p>1 Pfd. Brokkoli 40 g bl\u00e4ttrige Mandeln 40 g Rosinen Essig Oliven\u00f6l SP Brokkoli in sehr kleine R\u00f6schen teilen, weiche Stielteile in Scheibchen schneiden, in Salzwasser kurz bissfest garen (2 &#8211; 3 min), in reichlich kaltem Wasser abschrecken und erkalten lassen. In Vinaigrette mit Mandeln und Rosinen mischen.<\/p>\n","protected":false},"author":1,"featured_media":0,"comment_status":"closed","ping_status":"closed","sticky":false,"template":"","format":"standard","meta":{"footnotes":""},"categories":[4],"tags":[],"class_list":["post-252","post","type-post","status-publish","format-standard","hentry","category-rezepte"],"_links":{"self":[{"href":"https:\/\/www.werner-raetz.de\/index.php?rest_route=\/wp\/v2\/posts\/252","targetHints":{"allow":["GET"]}}],"collection":[{"href":"https:\/\/www.werner-raetz.de\/index.php?rest_route=\/wp\/v2\/posts"}],"about":[{"href":"https:\/\/www.werner-raetz.de\/index.php?rest_route=\/wp\/v2\/types\/post"}],"author":[{"embeddable":true,"href":"https:\/\/www.werner-raetz.de\/index.php?rest_route=\/wp\/v2\/users\/1"}],"replies":[{"embeddable":true,"href":"https:\/\/www.werner-raetz.de\/index.php?rest_route=%2Fwp%2Fv2%2Fcomments&post=252"}],"version-history":[{"count":1,"href":"https:\/\/www.werner-raetz.de\/index.php?rest_route=\/wp\/v2\/posts\/252\/revisions"}],"predecessor-version":[{"id":253,"href":"https:\/\/www.werner-raetz.de\/index.php?rest_route=\/wp\/v2\/posts\/252\/revisions\/253"}],"wp:attachment":[{"href":"https:\/\/www.werner-raetz.de\/index.php?rest_route=%2Fwp%2Fv2%2Fmedia&parent=252"}],"wp:term":[{"taxonomy":"category","embeddable":true,"href":"https:\/\/www.werner-raetz.de\/index.php?rest_route=%2Fwp%2Fv2%2Fcategories&post=252"},{"taxonomy":"post_tag","embeddable":true,"href":"https:\/\/www.werner-raetz.de\/index.php?rest_route=%2Fwp%2Fv2%2Ftags&post=252"}],"curies":[{"name":"wp","href":"https:\/\/api.w.org\/{rel}","templated":true}]}}