{"id":222,"date":"2020-02-18T19:07:54","date_gmt":"2020-02-18T18:07:54","guid":{"rendered":"http:\/\/www.werner-raetz.de\/?p=222"},"modified":"2020-04-22T19:25:09","modified_gmt":"2020-04-22T17:25:09","slug":"eier-gefuellt","status":"publish","type":"post","link":"https:\/\/www.werner-raetz.de\/?p=222","title":{"rendered":"Eier gef\u00fcllt"},"content":{"rendered":"<p><b>mit Oliven und Thymian<\/b><\/p>\n<ul>\n<li>4 Eier<\/li>\n<li>16 schwarze Oliven ohne Stein<\/li>\n<li>2 Knoblauchzehen<\/li>\n<li>\u00bd EL Thymianbl\u00e4ttchen<\/li>\n<li>2 EL Oliven\u00f6l<\/li>\n<li>Salzpfeffer<\/li>\n<li>1 Cornichon<\/li>\n<\/ul>\n<p>Eier kochen, abk\u00fchlen lassen, pellen und halbieren. Eigelb in einen tiefen Teller dr\u00fccken, Knoblauch durch die Presse reindr\u00fccken, Thymian und \u00d6l dazugeben, w\u00fcrzen und mit einer Gabel gut durchkneten. Die Masse wieder in die Eih\u00e4lften f\u00fcllen und mit je einem Scheibchen Cornichon verzieren.<\/p>\n<p>&nbsp;<\/p>\n<p><b>mit Sardellen und Salbei<\/b><\/p>\n<p>\u2013 Pankreasdi\u00e4t \u2013<\/p>\n<ul>\n<li>4 Eier<\/li>\n<li>8 Sardellenfilets<\/li>\n<li>4 Knoblauchzehen<\/li>\n<li>\u00bd EL fein gehackte Salbeibl\u00e4tter<\/li>\n<li>Salzpfeffer<\/li>\n<li>8 Kapernbeeren<\/li>\n<\/ul>\n<p>Knoblauch in Salzwasser 6-7 min kochen, mit Eigelb, Sardellenfilets und Salbei zerdr\u00fccken, einf\u00fcllen und mit je einer Kapernbeere verzieren.<\/p>\n<p>&nbsp;<\/p>\n<p><b>mit B\u00e4rlauch<\/b><\/p>\n<p>\u2013 Pankreasdi\u00e4t \u2013<\/p>\n<ul>\n<li>4 Eier<\/li>\n<li>2 TL Frischk\u00e4se \u201eSkyr\u201c<\/li>\n<li>2 TL Frischk\u00e4se \u201eZiege\u201c<\/li>\n<li>1 TL Estragonsenf<\/li>\n<li>2 gro\u00dfe B\u00e4rlauchbl\u00e4tter + 8 Bl\u00fcten<\/li>\n<li>Salzpfeffer<\/li>\n<\/ul>\n<p>B\u00e4rlauch feinstreifig schneiden, mit Eigelb, Frischk\u00e4se, Salz und Pfeffer verkneten, einf\u00fcllen, mit je einer B\u00e4rlauchbl\u00fcte verzieren<\/p>\n<p>&nbsp;<\/p>\n<p><b>mit Frischk\u00e4se und Kaviar<\/b><\/p>\n<p>\u2013 Pankreasdi\u00e4t \u2013<\/p>\n<ul>\n<li>4 Eier<\/li>\n<li>2 TL magerer Frischk\u00e4se<\/li>\n<li>Salzpfeffer<\/li>\n<li>50 g Lachskaviar<\/li>\n<\/ul>\n<p>Eigelb und Frischk\u00e4se verkneten, w\u00fcrzen, einf\u00fcllen und Kaviar drauflegen.<\/p>\n","protected":false},"excerpt":{"rendered":"<p>mit Oliven und Thymian 4 Eier 16 schwarze Oliven ohne Stein 2 Knoblauchzehen \u00bd EL Thymianbl\u00e4ttchen 2 EL Oliven\u00f6l Salzpfeffer 1 Cornichon Eier kochen, abk\u00fchlen lassen, pellen und halbieren. Eigelb in einen tiefen Teller dr\u00fccken, Knoblauch durch die Presse reindr\u00fccken, Thymian und \u00d6l dazugeben, w\u00fcrzen und mit einer Gabel gut durchkneten. Die Masse wieder in&#8230;<\/p>\n","protected":false},"author":2,"featured_media":0,"comment_status":"closed","ping_status":"closed","sticky":false,"template":"","format":"standard","meta":{"footnotes":""},"categories":[4],"tags":[],"class_list":["post-222","post","type-post","status-publish","format-standard","hentry","category-rezepte"],"_links":{"self":[{"href":"https:\/\/www.werner-raetz.de\/index.php?rest_route=\/wp\/v2\/posts\/222","targetHints":{"allow":["GET"]}}],"collection":[{"href":"https:\/\/www.werner-raetz.de\/index.php?rest_route=\/wp\/v2\/posts"}],"about":[{"href":"https:\/\/www.werner-raetz.de\/index.php?rest_route=\/wp\/v2\/types\/post"}],"author":[{"embeddable":true,"href":"https:\/\/www.werner-raetz.de\/index.php?rest_route=\/wp\/v2\/users\/2"}],"replies":[{"embeddable":true,"href":"https:\/\/www.werner-raetz.de\/index.php?rest_route=%2Fwp%2Fv2%2Fcomments&post=222"}],"version-history":[{"count":8,"href":"https:\/\/www.werner-raetz.de\/index.php?rest_route=\/wp\/v2\/posts\/222\/revisions"}],"predecessor-version":[{"id":540,"href":"https:\/\/www.werner-raetz.de\/index.php?rest_route=\/wp\/v2\/posts\/222\/revisions\/540"}],"wp:attachment":[{"href":"https:\/\/www.werner-raetz.de\/index.php?rest_route=%2Fwp%2Fv2%2Fmedia&parent=222"}],"wp:term":[{"taxonomy":"category","embeddable":true,"href":"https:\/\/www.werner-raetz.de\/index.php?rest_route=%2Fwp%2Fv2%2Fcategories&post=222"},{"taxonomy":"post_tag","embeddable":true,"href":"https:\/\/www.werner-raetz.de\/index.php?rest_route=%2Fwp%2Fv2%2Ftags&post=222"}],"curies":[{"name":"wp","href":"https:\/\/api.w.org\/{rel}","templated":true}]}}