{"id":2214,"date":"2021-08-21T10:01:49","date_gmt":"2021-08-21T08:01:49","guid":{"rendered":"http:\/\/www.werner-raetz.de\/?p=2214"},"modified":"2021-08-21T10:04:06","modified_gmt":"2021-08-21T08:04:06","slug":"pilz-kartoffel-pfanne","status":"publish","type":"post","link":"https:\/\/www.werner-raetz.de\/?p=2214","title":{"rendered":"Pilz-Kartoffel-Pfanne"},"content":{"rendered":"<ul>\n<li>2 Pfd. braune Champignons oder Mischpilze<\/li>\n<li>2 Pfd. Kartoffeln<\/li>\n<li>4 Zwiebeln<\/li>\n<li>6 Knobi<\/li>\n<li>12 Bl\u00e4tter Salbei<\/li>\n<li>1 Bd. Borretsch<\/li>\n<li>80g fetter Speck<\/li>\n<li>Salz, Pfeffer<\/li>\n<\/ul>\n<p>Gem\u00fcse putzen; Kartoffeln in grobe Scheiben, Zwiebeln l\u00e4ngs in Achtel, Pilze in H\u00e4lften oder Viertel, Knobi in d\u00fcnne Scheiben schneiden. Gew\u00fcrfelten Speck auslassen, Kartoffeln drin gut anbraten, Zwiebeln dazu und 10 min bei geschlossenem Deckel und reduzierter Hitze garen. Pilze, Knobi, gehackte Kr\u00e4uter dazugeben und bei verst\u00e4rkter Hitze fertig garen (ca. 15 min); w\u00fcrzen.<\/p>\n","protected":false},"excerpt":{"rendered":"<p>2 Pfd. braune Champignons oder Mischpilze 2 Pfd. Kartoffeln 4 Zwiebeln 6 Knobi 12 Bl\u00e4tter Salbei 1 Bd. Borretsch 80g fetter Speck Salz, Pfeffer Gem\u00fcse putzen; Kartoffeln in grobe Scheiben, Zwiebeln l\u00e4ngs in Achtel, Pilze in H\u00e4lften oder Viertel, Knobi in d\u00fcnne Scheiben schneiden. Gew\u00fcrfelten Speck auslassen, Kartoffeln drin gut anbraten, Zwiebeln dazu und 10&#8230;<\/p>\n","protected":false},"author":2,"featured_media":0,"comment_status":"closed","ping_status":"closed","sticky":false,"template":"","format":"standard","meta":{"footnotes":""},"categories":[4],"tags":[],"class_list":["post-2214","post","type-post","status-publish","format-standard","hentry","category-rezepte"],"_links":{"self":[{"href":"https:\/\/www.werner-raetz.de\/index.php?rest_route=\/wp\/v2\/posts\/2214","targetHints":{"allow":["GET"]}}],"collection":[{"href":"https:\/\/www.werner-raetz.de\/index.php?rest_route=\/wp\/v2\/posts"}],"about":[{"href":"https:\/\/www.werner-raetz.de\/index.php?rest_route=\/wp\/v2\/types\/post"}],"author":[{"embeddable":true,"href":"https:\/\/www.werner-raetz.de\/index.php?rest_route=\/wp\/v2\/users\/2"}],"replies":[{"embeddable":true,"href":"https:\/\/www.werner-raetz.de\/index.php?rest_route=%2Fwp%2Fv2%2Fcomments&post=2214"}],"version-history":[{"count":1,"href":"https:\/\/www.werner-raetz.de\/index.php?rest_route=\/wp\/v2\/posts\/2214\/revisions"}],"predecessor-version":[{"id":2215,"href":"https:\/\/www.werner-raetz.de\/index.php?rest_route=\/wp\/v2\/posts\/2214\/revisions\/2215"}],"wp:attachment":[{"href":"https:\/\/www.werner-raetz.de\/index.php?rest_route=%2Fwp%2Fv2%2Fmedia&parent=2214"}],"wp:term":[{"taxonomy":"category","embeddable":true,"href":"https:\/\/www.werner-raetz.de\/index.php?rest_route=%2Fwp%2Fv2%2Fcategories&post=2214"},{"taxonomy":"post_tag","embeddable":true,"href":"https:\/\/www.werner-raetz.de\/index.php?rest_route=%2Fwp%2Fv2%2Ftags&post=2214"}],"curies":[{"name":"wp","href":"https:\/\/api.w.org\/{rel}","templated":true}]}}