{"id":167,"date":"2020-02-12T09:42:53","date_gmt":"2020-02-12T08:42:53","guid":{"rendered":"http:\/\/www.werner-raetz.de\/?p=167"},"modified":"2020-02-12T09:42:53","modified_gmt":"2020-02-12T08:42:53","slug":"ananas-mit-nougat","status":"publish","type":"post","link":"https:\/\/www.werner-raetz.de\/?p=167","title":{"rendered":"Ananas mit Nougat"},"content":{"rendered":"<ul>\n<li>1 frische Ananas<\/li>\n<li>\u00bd Granatapfel<\/li>\n<li>\u00bc l Sahne<\/li>\n<li>0,05 l Amaratto<\/li>\n<li>50 g Nougatrohmasse<\/li>\n<\/ul>\n<p>Ananas sch\u00e4len, vier dicke Scheiben abschneiden, Holzkern vorsichtig rausstechen, hoch mit sehr fester Sahne f\u00fcllen. Nougatrohmasse in erhitztem Amaretto (f\u00fcr Kinder aufkochen!) schmelzen und etwas abgek\u00fchlt \u00fcber die Sahne geben. Mit Granatapfelkernen garnieren<\/p>\n","protected":false},"excerpt":{"rendered":"<p>1 frische Ananas \u00bd Granatapfel \u00bc l Sahne 0,05 l Amaratto 50 g Nougatrohmasse Ananas sch\u00e4len, vier dicke Scheiben abschneiden, Holzkern vorsichtig rausstechen, hoch mit sehr fester Sahne f\u00fcllen. Nougatrohmasse in erhitztem Amaretto (f\u00fcr Kinder aufkochen!) schmelzen und etwas abgek\u00fchlt \u00fcber die Sahne geben. Mit Granatapfelkernen garnieren<\/p>\n","protected":false},"author":1,"featured_media":0,"comment_status":"open","ping_status":"open","sticky":false,"template":"","format":"standard","meta":{"footnotes":""},"categories":[4],"tags":[],"class_list":["post-167","post","type-post","status-publish","format-standard","hentry","category-rezepte"],"_links":{"self":[{"href":"https:\/\/www.werner-raetz.de\/index.php?rest_route=\/wp\/v2\/posts\/167","targetHints":{"allow":["GET"]}}],"collection":[{"href":"https:\/\/www.werner-raetz.de\/index.php?rest_route=\/wp\/v2\/posts"}],"about":[{"href":"https:\/\/www.werner-raetz.de\/index.php?rest_route=\/wp\/v2\/types\/post"}],"author":[{"embeddable":true,"href":"https:\/\/www.werner-raetz.de\/index.php?rest_route=\/wp\/v2\/users\/1"}],"replies":[{"embeddable":true,"href":"https:\/\/www.werner-raetz.de\/index.php?rest_route=%2Fwp%2Fv2%2Fcomments&post=167"}],"version-history":[{"count":1,"href":"https:\/\/www.werner-raetz.de\/index.php?rest_route=\/wp\/v2\/posts\/167\/revisions"}],"predecessor-version":[{"id":168,"href":"https:\/\/www.werner-raetz.de\/index.php?rest_route=\/wp\/v2\/posts\/167\/revisions\/168"}],"wp:attachment":[{"href":"https:\/\/www.werner-raetz.de\/index.php?rest_route=%2Fwp%2Fv2%2Fmedia&parent=167"}],"wp:term":[{"taxonomy":"category","embeddable":true,"href":"https:\/\/www.werner-raetz.de\/index.php?rest_route=%2Fwp%2Fv2%2Fcategories&post=167"},{"taxonomy":"post_tag","embeddable":true,"href":"https:\/\/www.werner-raetz.de\/index.php?rest_route=%2Fwp%2Fv2%2Ftags&post=167"}],"curies":[{"name":"wp","href":"https:\/\/api.w.org\/{rel}","templated":true}]}}