{"id":1609,"date":"2020-11-30T22:19:05","date_gmt":"2020-11-30T21:19:05","guid":{"rendered":"http:\/\/www.werner-raetz.de\/?p=1609"},"modified":"2020-11-30T22:19:05","modified_gmt":"2020-11-30T21:19:05","slug":"apfelsinen-und-himbeeren","status":"publish","type":"post","link":"https:\/\/www.werner-raetz.de\/?p=1609","title":{"rendered":"Apfelsinen und Himbeeren"},"content":{"rendered":"<p>\u2013 Pankreasdi\u00e4t \u2013<\/p>\n<ul>\n<li>4 Apfelsinen<\/li>\n<li>120 g Himbeeren<\/li>\n<li>4 Waln\u00fcsse<\/li>\n<li>1 EL Pastis<\/li>\n<li>S\u00fc\u00dfstoff<\/li>\n<\/ul>\n<p>Die orangene Schale einer Apfelsine mit dem Sparsch\u00e4ler absch\u00e4len und feinstreifig schneiden. Alle Apfelsinen mit scharfem Messer so sch\u00e4len, dass die wei\u00dfe Haut komplett mit weg ist, Filets rausschneiden. Himbeeren mit Pastis mit einer Gabel zerdr\u00fccken, 2 Waln\u00fcsse fein hacken, mit streifiger Apfelsinenschale und Himbeeren vermischen, nach Geschmack s\u00fc\u00dfen; je \u00bc der Masse auf einen Dessertteller geben, darauf in die Mitte je eine halbe Walnuss und Apfelsinenfilets darum herum anrichten.<\/p>\n","protected":false},"excerpt":{"rendered":"<p>\u2013 Pankreasdi\u00e4t \u2013 4 Apfelsinen 120 g Himbeeren 4 Waln\u00fcsse 1 EL Pastis S\u00fc\u00dfstoff Die orangene Schale einer Apfelsine mit dem Sparsch\u00e4ler absch\u00e4len und feinstreifig schneiden. Alle Apfelsinen mit scharfem Messer so sch\u00e4len, dass die wei\u00dfe Haut komplett mit weg ist, Filets rausschneiden. Himbeeren mit Pastis mit einer Gabel zerdr\u00fccken, 2 Waln\u00fcsse fein hacken, mit&#8230;<\/p>\n","protected":false},"author":2,"featured_media":0,"comment_status":"closed","ping_status":"closed","sticky":false,"template":"","format":"standard","meta":{"footnotes":""},"categories":[4],"tags":[],"class_list":["post-1609","post","type-post","status-publish","format-standard","hentry","category-rezepte"],"_links":{"self":[{"href":"https:\/\/www.werner-raetz.de\/index.php?rest_route=\/wp\/v2\/posts\/1609","targetHints":{"allow":["GET"]}}],"collection":[{"href":"https:\/\/www.werner-raetz.de\/index.php?rest_route=\/wp\/v2\/posts"}],"about":[{"href":"https:\/\/www.werner-raetz.de\/index.php?rest_route=\/wp\/v2\/types\/post"}],"author":[{"embeddable":true,"href":"https:\/\/www.werner-raetz.de\/index.php?rest_route=\/wp\/v2\/users\/2"}],"replies":[{"embeddable":true,"href":"https:\/\/www.werner-raetz.de\/index.php?rest_route=%2Fwp%2Fv2%2Fcomments&post=1609"}],"version-history":[{"count":1,"href":"https:\/\/www.werner-raetz.de\/index.php?rest_route=\/wp\/v2\/posts\/1609\/revisions"}],"predecessor-version":[{"id":1610,"href":"https:\/\/www.werner-raetz.de\/index.php?rest_route=\/wp\/v2\/posts\/1609\/revisions\/1610"}],"wp:attachment":[{"href":"https:\/\/www.werner-raetz.de\/index.php?rest_route=%2Fwp%2Fv2%2Fmedia&parent=1609"}],"wp:term":[{"taxonomy":"category","embeddable":true,"href":"https:\/\/www.werner-raetz.de\/index.php?rest_route=%2Fwp%2Fv2%2Fcategories&post=1609"},{"taxonomy":"post_tag","embeddable":true,"href":"https:\/\/www.werner-raetz.de\/index.php?rest_route=%2Fwp%2Fv2%2Ftags&post=1609"}],"curies":[{"name":"wp","href":"https:\/\/api.w.org\/{rel}","templated":true}]}}