{"id":1500,"date":"2020-11-03T16:27:10","date_gmt":"2020-11-03T15:27:10","guid":{"rendered":"http:\/\/www.werner-raetz.de\/?p=1500"},"modified":"2020-11-03T16:27:10","modified_gmt":"2020-11-03T15:27:10","slug":"rehhackbraten-gefuellt-mit-tomatenreis","status":"publish","type":"post","link":"https:\/\/www.werner-raetz.de\/?p=1500","title":{"rendered":"Rehhackbraten gef\u00fcllt mit Tomatenreis"},"content":{"rendered":"<p><span style=\"font-size: medium;\"> \u2013 Pankreasdi\u00e4t \u2013 <\/span><\/p>\n<ul>\n<li><span style=\"font-size: medium;\">1 \u00bd Pfd. Rehhack<\/span><\/li>\n<li><span style=\"font-size: medium;\">2 Eier<\/span><\/li>\n<li><span style=\"font-size: medium;\">1 geraspelte M\u00f6hre<\/span><\/li>\n<li><span style=\"font-size: medium;\">1 Bd. Borretsch, gehackt<\/span><\/li>\n<li><span style=\"font-size: medium;\">\u00bd TL Paprika edels\u00fc\u00df<\/span><\/li>\n<li><span style=\"font-size: medium;\">SP<\/span><\/li>\n<li><span style=\"font-size: medium;\">0,02 l Weinbrand<\/span><\/li>\n<li><span style=\"font-size: medium;\">Saft einer Apfelsine<\/span><\/li>\n<li><span style=\"font-size: medium;\">\u00bd Pfd. magerer K\u00e4se<\/span><\/li>\n<li><span style=\"font-size: medium;\">Wildreis<\/span><\/li>\n<li><span style=\"font-size: medium;\">4 gr\u00fcne Tomaten<\/span><\/li>\n<li><span style=\"font-size: medium;\">4 rote Tomaten<\/span><\/li>\n<li><span style=\"font-size: medium;\">Br\u00fche<\/span><\/li>\n<li><span style=\"font-size: medium;\">SP<\/span><\/li>\n<\/ul>\n<p><span style=\"font-size: medium;\">Hack mit Gem\u00fcse und Gew\u00fcrzen mischen; eine feuerfeste Form mit etwas Saft aussch\u00fctten und gut die H\u00e4lfte des Hacks reingeben; am Rand etwas hochziehen. K\u00e4se drauflegen, mit dem restlichen Hack abdecken und bei ca.180\u00b0 \u00bd Std. backen, Weinbrand dr\u00fcber kippen und weiter 15 min backen. W\u00e4hrenddessen Tomaten w\u00fcrfeln, eventuell grob abtropfen, restlichen Saft in einen Topf geben und Reis drin and\u00fcnsten, mit hei\u00dfer Br\u00fche \u00fcbergie\u00dfen, eventuell abschmecken und auf kleinster Hitze k\u00f6cheln lassen; nach 10 min die gr\u00fcnen Tomatenw\u00fcrfel unterheben, nach weiter 10 min die roten; eventuell restlich Fl\u00fcssigkeit bei offenem Topf verkochen.<\/span><\/p>\n","protected":false},"excerpt":{"rendered":"<p>\u2013 Pankreasdi\u00e4t \u2013 1 \u00bd Pfd. Rehhack 2 Eier 1 geraspelte M\u00f6hre 1 Bd. Borretsch, gehackt \u00bd TL Paprika edels\u00fc\u00df SP 0,02 l Weinbrand Saft einer Apfelsine \u00bd Pfd. magerer K\u00e4se Wildreis 4 gr\u00fcne Tomaten 4 rote Tomaten Br\u00fche SP Hack mit Gem\u00fcse und Gew\u00fcrzen mischen; eine feuerfeste Form mit etwas Saft aussch\u00fctten und gut&#8230;<\/p>\n","protected":false},"author":2,"featured_media":0,"comment_status":"closed","ping_status":"closed","sticky":false,"template":"","format":"standard","meta":{"footnotes":""},"categories":[4],"tags":[],"class_list":["post-1500","post","type-post","status-publish","format-standard","hentry","category-rezepte"],"_links":{"self":[{"href":"https:\/\/www.werner-raetz.de\/index.php?rest_route=\/wp\/v2\/posts\/1500","targetHints":{"allow":["GET"]}}],"collection":[{"href":"https:\/\/www.werner-raetz.de\/index.php?rest_route=\/wp\/v2\/posts"}],"about":[{"href":"https:\/\/www.werner-raetz.de\/index.php?rest_route=\/wp\/v2\/types\/post"}],"author":[{"embeddable":true,"href":"https:\/\/www.werner-raetz.de\/index.php?rest_route=\/wp\/v2\/users\/2"}],"replies":[{"embeddable":true,"href":"https:\/\/www.werner-raetz.de\/index.php?rest_route=%2Fwp%2Fv2%2Fcomments&post=1500"}],"version-history":[{"count":1,"href":"https:\/\/www.werner-raetz.de\/index.php?rest_route=\/wp\/v2\/posts\/1500\/revisions"}],"predecessor-version":[{"id":1501,"href":"https:\/\/www.werner-raetz.de\/index.php?rest_route=\/wp\/v2\/posts\/1500\/revisions\/1501"}],"wp:attachment":[{"href":"https:\/\/www.werner-raetz.de\/index.php?rest_route=%2Fwp%2Fv2%2Fmedia&parent=1500"}],"wp:term":[{"taxonomy":"category","embeddable":true,"href":"https:\/\/www.werner-raetz.de\/index.php?rest_route=%2Fwp%2Fv2%2Fcategories&post=1500"},{"taxonomy":"post_tag","embeddable":true,"href":"https:\/\/www.werner-raetz.de\/index.php?rest_route=%2Fwp%2Fv2%2Ftags&post=1500"}],"curies":[{"name":"wp","href":"https:\/\/api.w.org\/{rel}","templated":true}]}}