{"id":1307,"date":"2020-09-21T17:24:03","date_gmt":"2020-09-21T15:24:03","guid":{"rendered":"http:\/\/www.werner-raetz.de\/?p=1307"},"modified":"2020-09-21T17:24:03","modified_gmt":"2020-09-21T15:24:03","slug":"zucchini-mit-forelle","status":"publish","type":"post","link":"https:\/\/www.werner-raetz.de\/?p=1307","title":{"rendered":"Zucchini mit Forelle"},"content":{"rendered":"<p><span style=\"font-size: medium;\"><b>Zucchini mit Forelle<\/b><\/span><\/p>\n<ul>\n<li style=\"list-style-type: none;\">\n<ul>\n<li style=\"list-style-type: none;\">\n<ul>\n<li style=\"list-style-type: none;\">\n<ul>\n<li style=\"list-style-type: none;\">\n<ul>\n<li style=\"list-style-type: none;\">\n<ul>\n<li><span style=\"font-size: medium;\">Pankreasdi\u00e4t \u2013<\/span><\/li>\n<\/ul>\n<\/li>\n<\/ul>\n<\/li>\n<\/ul>\n<\/li>\n<\/ul>\n<\/li>\n<\/ul>\n<\/li>\n<li><span style=\"font-size: medium;\">4 Zucchini<\/span><\/li>\n<li><span style=\"font-size: medium;\">2 ger\u00e4ucherte Forellen<\/span><\/li>\n<li><span style=\"font-size: medium;\">200 g K\u00e4se<\/span><\/li>\n<li><span style=\"font-size: medium;\">Salzpfeffer<\/span><\/li>\n<li><span style=\"font-size: medium;\">8 milde, s\u00fc\u00dfe Peperoni<\/span><\/li>\n<\/ul>\n<p><span style=\"font-size: medium;\">Zucchini l\u00e4ngs halbieren, Kerne mit einem Messer rausschneiden und mit einem L\u00f6ffel auskratzen, Forellen filetieren und Filets zusammen mit den Zucchinikernen hacken, w\u00fcrzen, mit geriebenem K\u00e4se mischen; je eine Peperoni in jede Zucchinih\u00e4lfte legen, Gemisch einf\u00fcllen und ein wenig festdr\u00fccken; im Backofen bei 180\u00b0 ca. \u00bd Stunde backen.<\/span><\/p>\n","protected":false},"excerpt":{"rendered":"<p>Zucchini mit Forelle Pankreasdi\u00e4t \u2013 4 Zucchini 2 ger\u00e4ucherte Forellen 200 g K\u00e4se Salzpfeffer 8 milde, s\u00fc\u00dfe Peperoni Zucchini l\u00e4ngs halbieren, Kerne mit einem Messer rausschneiden und mit einem L\u00f6ffel auskratzen, Forellen filetieren und Filets zusammen mit den Zucchinikernen hacken, w\u00fcrzen, mit geriebenem K\u00e4se mischen; je eine Peperoni in jede Zucchinih\u00e4lfte legen, Gemisch einf\u00fcllen und&#8230;<\/p>\n","protected":false},"author":2,"featured_media":0,"comment_status":"closed","ping_status":"closed","sticky":false,"template":"","format":"standard","meta":{"footnotes":""},"categories":[4],"tags":[],"class_list":["post-1307","post","type-post","status-publish","format-standard","hentry","category-rezepte"],"_links":{"self":[{"href":"https:\/\/www.werner-raetz.de\/index.php?rest_route=\/wp\/v2\/posts\/1307","targetHints":{"allow":["GET"]}}],"collection":[{"href":"https:\/\/www.werner-raetz.de\/index.php?rest_route=\/wp\/v2\/posts"}],"about":[{"href":"https:\/\/www.werner-raetz.de\/index.php?rest_route=\/wp\/v2\/types\/post"}],"author":[{"embeddable":true,"href":"https:\/\/www.werner-raetz.de\/index.php?rest_route=\/wp\/v2\/users\/2"}],"replies":[{"embeddable":true,"href":"https:\/\/www.werner-raetz.de\/index.php?rest_route=%2Fwp%2Fv2%2Fcomments&post=1307"}],"version-history":[{"count":1,"href":"https:\/\/www.werner-raetz.de\/index.php?rest_route=\/wp\/v2\/posts\/1307\/revisions"}],"predecessor-version":[{"id":1308,"href":"https:\/\/www.werner-raetz.de\/index.php?rest_route=\/wp\/v2\/posts\/1307\/revisions\/1308"}],"wp:attachment":[{"href":"https:\/\/www.werner-raetz.de\/index.php?rest_route=%2Fwp%2Fv2%2Fmedia&parent=1307"}],"wp:term":[{"taxonomy":"category","embeddable":true,"href":"https:\/\/www.werner-raetz.de\/index.php?rest_route=%2Fwp%2Fv2%2Fcategories&post=1307"},{"taxonomy":"post_tag","embeddable":true,"href":"https:\/\/www.werner-raetz.de\/index.php?rest_route=%2Fwp%2Fv2%2Ftags&post=1307"}],"curies":[{"name":"wp","href":"https:\/\/api.w.org\/{rel}","templated":true}]}}